{"id":1458,"date":"2026-02-10T18:48:20","date_gmt":"2026-02-10T21:48:20","guid":{"rendered":"https:\/\/cursos.idloaded.com\/?p=1458"},"modified":"2026-02-10T18:48:20","modified_gmt":"2026-02-10T21:48:20","slug":"curso-tecnico-seguranca-do-trabalho-ead","status":"publish","type":"post","link":"https:\/\/cursos.idloaded.com\/sv\/curso-tecnico-seguranca-do-trabalho-ead\/","title":{"rendered":"Curso T\u00e9cnico em Seguran\u00e7a do Trabalho EAD: como funciona, o que aprende e como se inscrever"},"content":{"rendered":"<p>O T\u00e9cnico em Seguran\u00e7a do Trabalho \u00e9 um profissional essencial para prevenir acidentes, reduzir riscos e fortalecer uma cultura de sa\u00fade e seguran\u00e7a dentro de empresas e institui\u00e7\u00f5es. Se voc\u00ea busca uma profiss\u00e3o com alta demanda e atua\u00e7\u00e3o em diferentes setores, esse curso costuma ser uma das escolhas mais estrat\u00e9gicas.<\/p>\n<p><strong>Atalho r\u00e1pido:<\/strong> <a href=\"#inscricao\">Como se inscrever<\/a> \u2022 <a href=\"#psg\">Como fazer gratuito (PSG)<\/a> \u2022 <a href=\"#o-que-aprende\">O que voc\u00ea vai aprender<\/a><\/p>\n<p><a href=\"https:\/\/www.ead.senac.br\/cursos-tecnicos\/tecnico-em-seguranca-do-trabalho\/\" target=\"_blank\" rel=\"noopener\">\u27a1\ufe0f Ver p\u00e1gina do curso<\/a><\/p>\n<hr \/>\n<h3 id=\"sumario\">Sum\u00e1rio<\/h3>\n<ul>\n<li><a href=\"#por-que-fazer\">Por que fazer o curso T\u00e9cnico em Seguran\u00e7a do Trabalho<\/a><\/li>\n<li><a href=\"#como-funciona\">Como funciona o curso EAD<\/a><\/li>\n<li><a href=\"#o-que-aprende\">O que voc\u00ea vai aprender (Etapas e Unidades)<\/a><\/li>\n<li><a href=\"#mercado\">Mercado de trabalho: onde atua e o que faz<\/a><\/li>\n<li><a href=\"#pre-requisitos\">Pr\u00e9-requisitos, documentos e estrutura necess\u00e1ria<\/a><\/li>\n<li><a href=\"#certificacao\">Certifica\u00e7\u00e3o, diploma e registro profissional<\/a><\/li>\n<li><a href=\"#inscricao\">Passo a passo para se inscrever<\/a><\/li>\n<li><a href=\"#psg\">Como fazer o curso gratuito pelo PSG<\/a><\/li>\n<li><a href=\"#faq\">Perguntas frequentes<\/a><\/li>\n<\/ul>\n<hr \/>\n<h3 id=\"por-que-fazer\">Por que fazer o curso T\u00e9cnico em Seguran\u00e7a do Trabalho<\/h3>\n<p>Seguran\u00e7a do Trabalho n\u00e3o \u00e9 \u201cburocracia\u201d: \u00e9 preven\u00e7\u00e3o na pr\u00e1tica. O profissional da \u00e1rea ajuda a identificar perigos, avaliar riscos, propor melhorias e orientar equipes para evitar incidentes, acidentes e doen\u00e7as ocupacionais.<\/p>\n<p>Al\u00e9m da relev\u00e2ncia direta na prote\u00e7\u00e3o do trabalhador, a \u00e1rea \u00e9 impulsionada por exig\u00eancias legais e normas de seguran\u00e7a, o que sustenta uma demanda cont\u00ednua em empresas p\u00fablicas e privadas.<\/p>\n<ul>\n<li><strong>Alta empregabilidade<\/strong> em m\u00faltiplos segmentos (ind\u00fastria, servi\u00e7os, constru\u00e7\u00e3o, log\u00edstica, sa\u00fade, agroneg\u00f3cio e mais).<\/li>\n<li><strong>Atua\u00e7\u00e3o vers\u00e1til<\/strong>: voc\u00ea pode trabalhar contratado, por projetos, consultoria ou como prestador de servi\u00e7os.<\/li>\n<li><strong>Carreira com prop\u00f3sito<\/strong>: o impacto aparece em redu\u00e7\u00e3o de riscos, melhorias reais e prote\u00e7\u00e3o de pessoas.<\/li>\n<\/ul>\n<h3 id=\"como-funciona\">Como funciona o curso EAD<\/h3>\n<p>O curso tem dura\u00e7\u00e3o de <strong>18 meses<\/strong>, com <strong>1200 horas<\/strong> de carga hor\u00e1ria total. A din\u00e2mica de ensino \u00e9 flex\u00edvel, com conte\u00fados e atividades no Ambiente Virtual de Aprendizagem (AVA), al\u00e9m de momentos de \u201cpresencialidade\u201d realizados por meio de recursos tecnol\u00f3gicos (videoaulas, simuladores, objetos de aprendizagem e atividades que aproximam a pr\u00e1tica profissional).<\/p>\n<p><strong>In\u00edcio e t\u00e9rmino:<\/strong> In\u00edcio: <strong>02\/02\/2026<\/strong> \u2022 T\u00e9rmino: <strong>03\/08\/2027<\/strong><\/p>\n<p><strong>Aula inaugural on-line:<\/strong> <strong>04\/02\/2026<\/strong>, \u00e0s <strong>19h<\/strong> (gravada e disponibilizada no AVA)<\/p>\n<div style=\"border: 1px solid #e5e5e5; padding: 14px; border-radius: 10px;\">\n<p style=\"margin: 0;\"><strong>Dica:<\/strong> recomenda-se inscrever-se no <strong>polo mais pr\u00f3ximo<\/strong> e correspondente ao seu estado, para acompanhar cronograma, orienta\u00e7\u00f5es e organiza\u00e7\u00e3o do curso.<\/p>\n<\/div>\n<h3 id=\"o-que-aprende\">O que voc\u00ea vai aprender no curso (Etapas e Unidades)<\/h3>\n<p>A forma\u00e7\u00e3o capacita voc\u00ea a analisar e avaliar ambientes, instala\u00e7\u00f5es e processos laborais, com foco na preven\u00e7\u00e3o de incidentes, acidentes e doen\u00e7as ocupacionais. Voc\u00ea aprende a monitorar riscos, planejar a\u00e7\u00f5es educativas, apoiar programas de sa\u00fade e seguran\u00e7a e estruturar rotinas de emerg\u00eancia e preven\u00e7\u00e3o.<\/p>\n<h4>Etapa I<\/h4>\n<ul>\n<li>Elaborar, implantar e implementar a pol\u00edtica de sa\u00fade e seguran\u00e7a do trabalho (84h)<\/li>\n<li>Realizar avalia\u00e7\u00e3o e medidas de controle de riscos f\u00edsicos, qu\u00edmicos e biol\u00f3gicos (108h)<\/li>\n<li>Realizar avalia\u00e7\u00e3o e medidas de controle de riscos ergon\u00f4micos e de acidentes (108h)<\/li>\n<li>Projeto integrador I (15h)<\/li>\n<li>Monitorar riscos ocupacionais (96h)<\/li>\n<li>Planejar a\u00e7\u00f5es educativas em sa\u00fade e seguran\u00e7a do trabalho (84h)<\/li>\n<li>Executar a\u00e7\u00f5es educativas em sa\u00fade e seguran\u00e7a do trabalho (108h)<\/li>\n<li>Projeto integrador II (15h)<\/li>\n<li>Executar a\u00e7\u00f5es de investiga\u00e7\u00e3o, registro e controle de incidentes, acidentes de trabalho e doen\u00e7as ocupacionais (108h)<\/li>\n<li>Controlar situa\u00e7\u00f5es de emerg\u00eancia (36h)<\/li>\n<li>Elaborar, implantar e implementar planos de emerg\u00eancia\/urg\u00eancia (96h)<\/li>\n<li>Projeto integrador III (15h)<\/li>\n<\/ul>\n<h4>Etapa II<\/h4>\n<ul>\n<li>Auxiliar e executar a\u00e7\u00f5es de elabora\u00e7\u00e3o dos programas de sa\u00fade e seguran\u00e7a do trabalho (108h)<\/li>\n<li>Implantar e implementar os programas de sa\u00fade e seguran\u00e7a do trabalho (96h)<\/li>\n<li>Auxiliar a gest\u00e3o integrada da organiza\u00e7\u00e3o (108h)<\/li>\n<li>Projeto integrador IV (15h)<\/li>\n<\/ul>\n<h3 id=\"mercado\">Mercado de trabalho: onde atua e o que faz<\/h3>\n<p>Ap\u00f3s concluir o curso, voc\u00ea pode atuar em organiza\u00e7\u00f5es p\u00fablicas e privadas de qualquer segmento, trabalhar com presta\u00e7\u00e3o de servi\u00e7os aut\u00f4nomos, tempor\u00e1rios, contrato efetivo ou at\u00e9 empreender, integrando equipes multiprofissionais e interagindo com diferentes setores.<\/p>\n<h4>Perfil profissional<\/h4>\n<p>O t\u00e9cnico em seguran\u00e7a do trabalho analisa e avalia o ambiente de trabalho, instala\u00e7\u00f5es e processos laborais; atua na preven\u00e7\u00e3o de incidentes, acidentes e doen\u00e7as ocupacionais; e implementa medidas de controle de riscos ocupacionais por meio de a\u00e7\u00f5es e programas de sa\u00fade e seguran\u00e7a.<\/p>\n<h4>Fun\u00e7\u00f5es mais comuns<\/h4>\n<ul>\n<li>Inspe\u00e7\u00f5es e avalia\u00e7\u00f5es de riscos no ambiente de trabalho<\/li>\n<li>Propostas de medidas de controle e preven\u00e7\u00e3o<\/li>\n<li>Treinamentos e a\u00e7\u00f5es educativas (campanhas e orienta\u00e7\u00f5es)<\/li>\n<li>Investiga\u00e7\u00e3o, registro e controle de incidentes e acidentes<\/li>\n<li>Apoio a programas e rotinas de sa\u00fade e seguran\u00e7a do trabalho<\/li>\n<li>Planos de emerg\u00eancia, simula\u00e7\u00f5es e organiza\u00e7\u00e3o de resposta<\/li>\n<\/ul>\n<h3 id=\"pre-requisitos\">Pr\u00e9-requisitos, documentos e estrutura necess\u00e1ria<\/h3>\n<h4>P\u00fablico-alvo<\/h4>\n<p>O curso \u00e9 destinado a quem deseja aprender uma nova profiss\u00e3o ou complementar a forma\u00e7\u00e3o, buscando melhor coloca\u00e7\u00e3o no mercado.<\/p>\n<h4>Pr\u00e9-requisitos<\/h4>\n<ul>\n<li><strong>Idade m\u00ednima:<\/strong> 16 anos completos no ato da matr\u00edcula (menor de idade deve informar respons\u00e1vel financeiro)<\/li>\n<li><strong>Escolaridade:<\/strong> cursando, no m\u00ednimo, o 2\u00ba ano do Ensino M\u00e9dio (regular ou EJA) OU Ensino M\u00e9dio completo\/equivalente<\/li>\n<li><strong>Conhecimentos b\u00e1sicos:<\/strong> inform\u00e1tica e uso de computador<\/li>\n<\/ul>\n<h4>Requisitos t\u00e9cnicos<\/h4>\n<ul>\n<li>Computador com internet (desktop ou notebook recomendado)<\/li>\n<li>Sistema operacional Windows XP ou superior<\/li>\n<li>Conex\u00e3o banda larga 512 kbps ou superior<\/li>\n<li>Celular e tablet podem acessar ferramentas, mas as atividades devem ser feitas no computador<\/li>\n<\/ul>\n<h4>Material did\u00e1tico<\/h4>\n<p>O curso utiliza diferentes tecnologias como podcasts, v\u00eddeos, anima\u00e7\u00f5es, objetos de aprendizagem, simuladores e e-books dentro do AVA.<\/p>\n<h4>Documenta\u00e7\u00e3o<\/h4>\n<ul>\n<li>C\u00f3pia do documento de identifica\u00e7\u00e3o: RG com CPF ou Carteira de Trabalho (documento f\u00edsico)<\/li>\n<li>Hist\u00f3rico de Conclus\u00e3o ou Certificado de Conclus\u00e3o do Ensino M\u00e9dio<\/li>\n<\/ul>\n<p><strong>Importante:<\/strong> ao t\u00e9rmino do curso, a documenta\u00e7\u00e3o deve ser enviada pelo Portal do Aluno para emiss\u00e3o do diploma.<\/p>\n<h4>Est\u00e1gio<\/h4>\n<p>O curso n\u00e3o cont\u00e9m est\u00e1gio obrigat\u00f3rio. Se voc\u00ea quiser estagiar, basta estar com matr\u00edcula ativa e apresentar o Atestado de Matr\u00edcula (dispon\u00edvel no Portal do Aluno) ao agente integrador escolhido.<\/p>\n<h3 id=\"certificacao\">Certifica\u00e7\u00e3o, diploma e registro profissional<\/h3>\n<p>Ap\u00f3s a conclus\u00e3o com aprova\u00e7\u00e3o de todas as unidades curriculares e comprova\u00e7\u00e3o de conclus\u00e3o do Ensino M\u00e9dio, voc\u00ea recebe o diploma de <strong>T\u00e9cnico em Seguran\u00e7a do Trabalho<\/strong> (Eixo Tecnol\u00f3gico Seguran\u00e7a), v\u00e1lido em todo o territ\u00f3rio nacional.<\/p>\n<p>O certificado tamb\u00e9m possibilita solicitar o <strong>registro profissional<\/strong> junto ao \u00f3rg\u00e3o regulamentador da profiss\u00e3o, conforme regras vigentes.<\/p>\n<h3 id=\"inscricao\">Passo a passo para se inscrever<\/h3>\n<ol>\n<li>Acesse a p\u00e1gina do curso: <a href=\"https:\/\/www.ead.senac.br\/cursos-tecnicos\/tecnico-em-seguranca-do-trabalho\/\" target=\"_blank\" rel=\"noopener\">T\u00e9cnico em Seguran\u00e7a do Trabalho EAD<\/a><\/li>\n<li>Selecione o <strong>polo\/estado<\/strong> recomendado (preferencialmente o mais pr\u00f3ximo do seu estado).<\/li>\n<li>Klicka p\u00e5 <strong>Inscreva-se<\/strong>.<\/li>\n<li>Fa\u00e7a login ou crie seu cadastro preenchendo seus dados.<\/li>\n<li>Revise as informa\u00e7\u00f5es, escolha a forma de pagamento e finalize a matr\u00edcula.<\/li>\n<li>Acompanhe o e-mail e o AVA para orienta\u00e7\u00f5es de acesso e in\u00edcio.<\/li>\n<\/ol>\n<div style=\"border: 1px solid #e5e5e5; padding: 14px; border-radius: 10px;\">\n<p style=\"margin: 0;\"><strong>Se n\u00e3o aparecer turma no seu polo:<\/strong> verifique outros polos do seu estado e acompanhe a abertura de novas turmas (as disponibilidades mudam ao longo do tempo).<\/p>\n<\/div>\n<h3 id=\"psg\">Como fazer o curso gratuito pelo PSG (Programa Senac de Gratuidade)<\/h3>\n<p>\u00c9 poss\u00edvel estudar gratuitamente pelo PSG. O programa \u00e9 destinado a pessoas com renda familiar mensal <strong>per capita<\/strong> de at\u00e9 <strong>2 sal\u00e1rios-m\u00ednimos federais<\/strong>. Al\u00e9m disso, voc\u00ea precisa atender aos pr\u00e9-requisitos do curso e comprovar a documenta\u00e7\u00e3o exigida no prazo da matr\u00edcula.<\/p>\n<h4>Regras principais do PSG<\/h4>\n<ul>\n<li>Sele\u00e7\u00e3o por <strong>polo<\/strong><\/li>\n<li>Sele\u00e7\u00e3o conforme <strong>disponibilidade de vagas<\/strong> do curso<\/li>\n<li>Classifica\u00e7\u00e3o por <strong>ordem de inscri\u00e7\u00e3o<\/strong><\/li>\n<li>Obrigatoriedade de <strong>comprova\u00e7\u00e3o documental<\/strong><\/li>\n<\/ul>\n<h4>Passo a passo para tentar uma vaga gratuita<\/h4>\n<ol>\n<li>Acesse a \u00e1rea de cursos gratuitos do Senac EAD e selecione o polo\/estado.<\/li>\n<li>Escolha o curso T\u00e9cnico em Seguran\u00e7a do Trabalho (quando houver vagas).<\/li>\n<li>Fa\u00e7a a inscri\u00e7\u00e3o o quanto antes (vagas podem ser limitadas).<\/li>\n<li>Separe e envie toda a documenta\u00e7\u00e3o solicitada para comprova\u00e7\u00e3o.<\/li>\n<li>Acompanhe o resultado e finalize a matr\u00edcula dentro do prazo.<\/li>\n<\/ol>\n<p><a href=\"https:\/\/www.ead.senac.br\/gratuito\/\" target=\"_blank\" rel=\"noopener\">\u2705 Ver cursos gratuitos (PSG) no Senac EAD<\/a><\/p>\n<h3 id=\"faq\">Perguntas frequentes<\/h3>\n<h4>O curso \u00e9 100% online?<\/h4>\n<p>O curso ocorre no AVA, com atividades a dist\u00e2ncia e momentos de presencialidade realizados por recursos tecnol\u00f3gicos (videoaulas, simuladores e objetos de aprendizagem).<\/p>\n<h4>Qual a dura\u00e7\u00e3o e carga hor\u00e1ria?<\/h4>\n<p>Dura\u00e7\u00e3o de 18 meses, com 1200 horas de carga hor\u00e1ria total.<\/p>\n<h4>Precisa fazer est\u00e1gio obrigat\u00f3rio?<\/h4>\n<p>N\u00e3o h\u00e1 est\u00e1gio obrigat\u00f3rio. \u00c9 poss\u00edvel estagiar com matr\u00edcula ativa, usando o Atestado de Matr\u00edcula.<\/p>\n<h4>Quais documentos s\u00e3o exigidos?<\/h4>\n<p>Documento de identifica\u00e7\u00e3o (RG com CPF ou CTPS f\u00edsica) e hist\u00f3rico\/certificado de conclus\u00e3o do Ensino M\u00e9dio. Ao final do curso, o envio da documenta\u00e7\u00e3o pelo Portal do Aluno \u00e9 obrigat\u00f3rio para emiss\u00e3o do diploma.<\/p>\n<h4>Como funciona para conseguir bolsa\/curso gratuito?<\/h4>\n<p>Pelo PSG, com renda familiar per capita at\u00e9 2 sal\u00e1rios m\u00ednimos, inscri\u00e7\u00e3o por ordem de chegada e comprova\u00e7\u00e3o documental.<\/p>\n<p><!-- FAQ Schema (cole no mesmo bloco HTML) --><br \/>\n<script type=\"application\/ld+json\">{\n    \"@context\": \"https:\\\/\\\/schema.org\",\n    \"@type\": \"FAQPage\",\n    \"mainEntity\": [\n        {\n            \"@type\": \"Question\",\n            \"name\": \"O curso T\\u00e9cnico em Seguran\\u00e7a do Trabalho EAD \\u00e9 100% online?\",\n            \"acceptedAnswer\": {\n                \"@type\": \"Answer\",\n                \"text\": \"O curso acontece no AVA, com atividades a dist\\u00e2ncia e momentos de presencialidade ofertados por recursos tecnol\\u00f3gicos, como videoaulas, simuladores e objetos de aprendizagem.\"\n            }\n        },\n        {\n            \"@type\": \"Question\",\n            \"name\": \"Qual a dura\\u00e7\\u00e3o e carga hor\\u00e1ria do curso?\",\n            \"acceptedAnswer\": {\n                \"@type\": \"Answer\",\n                \"text\": \"O curso tem dura\\u00e7\\u00e3o de 18 meses e carga hor\\u00e1ria total de 1200 horas.\"\n            }\n        },\n        {\n            \"@type\": \"Question\",\n            \"name\": \"Precisa fazer est\\u00e1gio obrigat\\u00f3rio?\",\n            \"acceptedAnswer\": {\n                \"@type\": \"Answer\",\n                \"text\": \"N\\u00e3o. O curso n\\u00e3o possui est\\u00e1gio obrigat\\u00f3rio. Caso o aluno deseje estagiar, basta estar com matr\\u00edcula ativa e apresentar o Atestado de Matr\\u00edcula.\"\n            }\n        },\n        {\n            \"@type\": \"Question\",\n            \"name\": \"Como conseguir vaga gratuita pelo PSG?\",\n            \"acceptedAnswer\": {\n                \"@type\": \"Answer\",\n                \"text\": \"O PSG \\u00e9 destinado a pessoas com renda familiar mensal per capita de at\\u00e9 2 sal\\u00e1rios m\\u00ednimos. A sele\\u00e7\\u00e3o ocorre por polo, disponibilidade de vagas, ordem de inscri\\u00e7\\u00e3o e comprova\\u00e7\\u00e3o documental.\"\n            }\n        }\n    ]\n}<\/script><\/p>","protected":false},"excerpt":{"rendered":"<p>O T\u00e9cnico em Seguran\u00e7a do Trabalho \u00e9 um profissional essencial para prevenir acidentes, reduzir riscos e fortalecer uma cultura de sa\u00fade e seguran\u00e7a dentro de empresas e institui\u00e7\u00f5es. Se voc\u00ea busca uma profiss\u00e3o com alta demanda e atua\u00e7\u00e3o em diferentes setores, esse curso costuma ser uma das escolhas mais estrat\u00e9gicas. Atalho r\u00e1pido: Como se inscrever [&hellip;]<\/p>","protected":false},"author":1,"featured_media":1459,"comment_status":"closed","ping_status":"closed","sticky":false,"template":"","format":"standard","meta":{"footnotes":""},"categories":[62],"tags":[],"class_list":["post-1458","post","type-post","status-publish","format-standard","has-post-thumbnail","hentry","category-cursos"],"_links":{"self":[{"href":"https:\/\/cursos.idloaded.com\/sv\/wp-json\/wp\/v2\/posts\/1458","targetHints":{"allow":["GET"]}}],"collection":[{"href":"https:\/\/cursos.idloaded.com\/sv\/wp-json\/wp\/v2\/posts"}],"about":[{"href":"https:\/\/cursos.idloaded.com\/sv\/wp-json\/wp\/v2\/types\/post"}],"author":[{"embeddable":true,"href":"https:\/\/cursos.idloaded.com\/sv\/wp-json\/wp\/v2\/users\/1"}],"replies":[{"embeddable":true,"href":"https:\/\/cursos.idloaded.com\/sv\/wp-json\/wp\/v2\/comments?post=1458"}],"version-history":[{"count":1,"href":"https:\/\/cursos.idloaded.com\/sv\/wp-json\/wp\/v2\/posts\/1458\/revisions"}],"predecessor-version":[{"id":1460,"href":"https:\/\/cursos.idloaded.com\/sv\/wp-json\/wp\/v2\/posts\/1458\/revisions\/1460"}],"wp:featuredmedia":[{"embeddable":true,"href":"https:\/\/cursos.idloaded.com\/sv\/wp-json\/wp\/v2\/media\/1459"}],"wp:attachment":[{"href":"https:\/\/cursos.idloaded.com\/sv\/wp-json\/wp\/v2\/media?parent=1458"}],"wp:term":[{"taxonomy":"category","embeddable":true,"href":"https:\/\/cursos.idloaded.com\/sv\/wp-json\/wp\/v2\/categories?post=1458"},{"taxonomy":"post_tag","embeddable":true,"href":"https:\/\/cursos.idloaded.com\/sv\/wp-json\/wp\/v2\/tags?post=1458"}],"curies":[{"name":"wp","href":"https:\/\/api.w.org\/{rel}","templated":true}]}}